{"id":108,"date":"2020-04-02T13:47:15","date_gmt":"2020-04-02T11:47:15","guid":{"rendered":"https:\/\/www.sigema.ch\/?p=108"},"modified":"2020-08-13T10:45:32","modified_gmt":"2020-08-13T08:45:32","slug":"die-krise-verlangt-noch-mehr-fuehrung-publikation","status":"publish","type":"post","link":"https:\/\/www.sigema.ch\/de\/die-krise-verlangt-noch-mehr-fuehrung-publikation\/","title":{"rendered":"DIE KRISE VERLANGT NOCH MEHR F\u00dcHRUNG (Publikation)"},"content":{"rendered":"<p>[et_pb_section fb_built=&#8220;1&#8243; _builder_version=&#8220;3.22&#8243;][et_pb_row column_structure=&#8220;2_5,3_5&#8243; _builder_version=&#8220;3.25&#8243; background_size=&#8220;initial&#8220; background_position=&#8220;top_left&#8220; background_repeat=&#8220;repeat&#8220;][et_pb_column type=&#8220;2_5&#8243; _builder_version=&#8220;3.25&#8243; custom_padding=&#8220;|||&#8220; custom_padding__hover=&#8220;|||&#8220;][et_pb_post_title title=&#8220;off&#8220; meta=&#8220;off&#8220; _builder_version=&#8220;4.5.3&#8243; _module_preset=&#8220;default&#8220;][\/et_pb_post_title][\/et_pb_column][et_pb_column type=&#8220;3_5&#8243; _builder_version=&#8220;3.25&#8243; custom_padding=&#8220;|||&#8220; custom_padding__hover=&#8220;|||&#8220;][et_pb_text _builder_version=&#8220;4.5.6&#8243; background_size=&#8220;initial&#8220; background_position=&#8220;top_left&#8220; background_repeat=&#8220;repeat&#8220;]<\/p>\n<p>\ud835\udde6\ud835\udddc\ud835\uddda\ud835\uddd8\ud835\udde0\ud835\uddd4 \ud835\udde0\ud835\uddd4\ud835\udde1\ud835\uddd4\ud835\uddda\ud835\uddd8\ud835\udde0\ud835\uddd8\ud835\udde1\ud835\udde7 \ud835\udde3\ud835\ude02\ud835\uddef\ud835\uddf9\ud835\uddf6\ud835\uddf8\ud835\uddee\ud835\ude01\ud835\uddf6\ud835\uddfc\ud835\uddfb:<br \/><strong>DIE KRISE VERLANGT NOCH MEHR F\u00dcHRUNG (Publikation)<\/strong><\/p>\n<p>&#8222;Speziell in der Krise ben\u00f6tigt es klare Worte, Teamarbeit und vor allem ein offenes Ohr und Verst\u00e4ndnis&#8220;, Frank Marcel Dietrich.<\/p>\n<p>#Leadership #LeadershipInCrisis #Motivation #InterimManagement #Publication #F\u00fchrung #seestattexperts #Coronavirus #COVID19<\/p>\n<p>[\/et_pb_text][\/et_pb_column][\/et_pb_row][\/et_pb_section]<\/p>\n","protected":false},"excerpt":{"rendered":"<p>\ud835\udde6\ud835\udddc\ud835\uddda\ud835\uddd8\ud835\udde0\ud835\uddd4 \ud835\udde0\ud835\uddd4\ud835\udde1\ud835\uddd4\ud835\uddda\ud835\uddd8\ud835\udde0\ud835\uddd8\ud835\udde1\ud835\udde7 \ud835\udde3\ud835\ude02\ud835\uddef\ud835\uddf9\ud835\uddf6\ud835\uddf8\ud835\uddee\ud835\ude01\ud835\uddf6\ud835\uddfc\ud835\uddfb:DIE KRISE VERLANGT NOCH MEHR F\u00dcHRUNG (Publikation) &#8222;Speziell in der Krise ben\u00f6tigt es klare Worte, Teamarbeit und vor allem ein offenes Ohr und Verst\u00e4ndnis&#8220;, Frank Marcel Dietrich. #Leadership #LeadershipInCrisis #Motivation #InterimManagement #Publication #F\u00fchrung #seestattexperts #Coronavirus #COVID19<\/p>\n","protected":false},"author":1,"featured_media":111,"comment_status":"open","ping_status":"open","sticky":false,"template":"","format":"standard","meta":{"_et_pb_use_builder":"on","_et_pb_old_content":"","_et_gb_content_width":"","footnotes":""},"categories":[1],"tags":[],"_links":{"self":[{"href":"https:\/\/www.sigema.ch\/de\/wp-json\/wp\/v2\/posts\/108"}],"collection":[{"href":"https:\/\/www.sigema.ch\/de\/wp-json\/wp\/v2\/posts"}],"about":[{"href":"https:\/\/www.sigema.ch\/de\/wp-json\/wp\/v2\/types\/post"}],"author":[{"embeddable":true,"href":"https:\/\/www.sigema.ch\/de\/wp-json\/wp\/v2\/users\/1"}],"replies":[{"embeddable":true,"href":"https:\/\/www.sigema.ch\/de\/wp-json\/wp\/v2\/comments?post=108"}],"version-history":[{"count":7,"href":"https:\/\/www.sigema.ch\/de\/wp-json\/wp\/v2\/posts\/108\/revisions"}],"predecessor-version":[{"id":361,"href":"https:\/\/www.sigema.ch\/de\/wp-json\/wp\/v2\/posts\/108\/revisions\/361"}],"wp:featuredmedia":[{"embeddable":true,"href":"https:\/\/www.sigema.ch\/de\/wp-json\/wp\/v2\/media\/111"}],"wp:attachment":[{"href":"https:\/\/www.sigema.ch\/de\/wp-json\/wp\/v2\/media?parent=108"}],"wp:term":[{"taxonomy":"category","embeddable":true,"href":"https:\/\/www.sigema.ch\/de\/wp-json\/wp\/v2\/categories?post=108"},{"taxonomy":"post_tag","embeddable":true,"href":"https:\/\/www.sigema.ch\/de\/wp-json\/wp\/v2\/tags?post=108"}],"curies":[{"name":"wp","href":"https:\/\/api.w.org\/{rel}","templated":true}]}}